{"id":929,"__str__":"REQUERIMENTO n\u00ba 403 de 2013","link_detail_backend":"/materia/929","metadata":{},"numero":403,"ano":2013,"numero_protocolo":null,"data_apresentacao":"2013-11-25","tipo_apresentacao":"","data_publicacao":null,"numero_origem_externa":"","ano_origem_externa":null,"data_origem_externa":null,"apelido":"","dias_prazo":null,"data_fim_prazo":null,"em_tramitacao":false,"polemica":null,"objeto":"","complementar":null,"ementa":"TIJUCAS (SC), 25 DE NOVEMBRO DE 2013.\r\n\r\n\r\n\r\n\r\nREQUERIMENTO N\u00ba 403/2013\r\n\r\n\r\n\r\n\r\n\u00c0 MESA DIRETORA:\r\n\r\n\r\nSENHOR PRESIDENTE:\r\n\r\n\r\n\r\n\tO VEREADOR QUE ABAIXO SUBSCREVE, NO USO DE SUAS PRERROGATIVAS LEGAIS E DE ACORDO COM A LEI ORG\u00c2NICA DE TIJUCAS, REQUER QUE SEJA DESPACHADA CORRESPOND\u00caNCIA AO SENHOR S\u00c9RGIO MEDEIROS, PRESIDENTE DA FEDERA\u00c7\u00c3O DAS C\u00c2MARAS DE DIRIGENTES LOGISTAS DE SANTA CATARINA (FCDL), SOLICITANDO INFORMA\u00c7\u00d5ES SOBRE AS \"FEIRAS ITINERANTES\" E QUAIS MEDIDAS O MUNIC\u00cdPIO PODE TOMAR EM DEFESA DO COM\u00c9RCIO LOCAL.    \r\n\r\n\r\n\r\n\r\nCORDIALMENTE,\r\n\r\n\r\n\r\n\r\nEDSON JOS\u00c9 SOUZA\t\r\nVEREADOR\t\r\n","indexacao":"","observacao":"","resultado":"","texto_original":"http://sapl.tijucas.sc.leg.br/media/sapl/public/materialegislativa/2013/929/929_texto_integral.rtf","data_ultima_atualizacao":"2018-05-28T16:37:02.514801-03:00","ip":"","ultima_edicao":null,"tipo":3,"regime_tramitacao":1,"tipo_origem_externa":null,"local_origem_externa":null,"user":null,"anexadas":[],"autores":[32]}