{"id":665,"__str__":"REQUERIMENTO n\u00ba 279 de 2013","link_detail_backend":"/materia/665","metadata":{},"numero":279,"ano":2013,"numero_protocolo":null,"data_apresentacao":"2013-08-29","tipo_apresentacao":"","data_publicacao":null,"numero_origem_externa":"","ano_origem_externa":null,"data_origem_externa":null,"apelido":"","dias_prazo":null,"data_fim_prazo":null,"em_tramitacao":false,"polemica":null,"objeto":"","complementar":null,"ementa":"TIJUCAS (SC), 29 DE AGOSTO DE 2013.\r\n\r\n\r\n\r\nREQUERIMENTO N\u00ba 279/2013\r\n\r\n\r\n\r\n\r\n\u00c0 MESA DIRETORA:\r\n\r\n\r\nSENHOR PRESIDENTE:\r\n\r\n\r\n\r\n\tO VEREADOR QUE ABAIXO SUBSCREVE, NO USO DE SUAS PRERROGATIVAS LEGAIS E DE ACORDO COM A LEI ORG\u00c2NICA DE TIJUCAS, REQUER QUE SEJA DESPACHADA CORRESPOND\u00caNCIA PARA A AUTO PISTA LITORAL SUL, SOLICITANDO AS SEGUINTES INFORMA\u00c7\u00d5ES:\r\nA) QUANDO SER\u00c1 LIBERADO O TREVO PRINCIPAL DA ENTRADA NORTE E SA\u00cdDA SUL DA CIDADE;\r\nB) QUAL O PRAZO PREVISTO PARA RESTABELECER A ILUMINA\u00c7\u00c3O DAS PONTES SOBRE O RIO TIJUCAS;\r\nC) QUANDO SER\u00c1 EFETUADA A RECUPERA\u00c7\u00c3O DAS MARGINAIS DA PONTE SOBRE O RIO TIJUCAS;\r\nD) QUANDO SER\u00c1 REALIZADO A LIMPEZA E RECUPERA\u00c7\u00c3O DOS CANTEIROS DE OBRAS INSTALADOS EM BAIXO DA PONTE;\r\nE) QUANDO SER\u00c1 RESTABELECIDA A NOS V\u00c3OS DA PONTE;\r\n F)  QUANDO SER\u00c1 REFEITA A SINALIZA\u00c7\u00c3O HORIZONTAL E VERTICAL NO LOCAL;\r\n\r\n\r\n\r\nCORDIALMENTE,\r\n\r\n\r\n\r\n\r\nLUIZ ROG\u00c9RIO DA SILVA\t\r\nVEREADOR\t\r\n","indexacao":"","observacao":"","resultado":"","texto_original":"http://sapl.tijucas.sc.leg.br/media/sapl/public/materialegislativa/2013/665/665_texto_integral.html","data_ultima_atualizacao":"2018-05-28T16:34:42.949814-03:00","ip":"","ultima_edicao":null,"tipo":3,"regime_tramitacao":1,"tipo_origem_externa":null,"local_origem_externa":null,"user":null,"anexadas":[],"autores":[39]}