{"id":6456,"__str__":"REQUERIMENTO n\u00ba 107 de 2021","link_detail_backend":"/materia/6456","metadata":{},"numero":107,"ano":2021,"numero_protocolo":null,"data_apresentacao":"2021-07-19","tipo_apresentacao":"","data_publicacao":null,"numero_origem_externa":"","ano_origem_externa":null,"data_origem_externa":null,"apelido":"","dias_prazo":null,"data_fim_prazo":null,"em_tramitacao":false,"polemica":false,"objeto":"","complementar":false,"ementa":"Requer a inclus\u00e3o do p\u00fablico adolescente no cronograma da vacina\u00e7\u00e3o contra a Covid-19 no estado","indexacao":"","observacao":"","resultado":"","texto_original":"http://sapl.tijucas.sc.leg.br/media/sapl/public/materialegislativa/2021/6456/req_107_-_claudio.pdf","data_ultima_atualizacao":"2021-07-21T09:43:31.150992-03:00","ip":"191.37.250.151","ultima_edicao":"2021-07-19T12:15:57.886430-03:00","tipo":3,"regime_tramitacao":1,"tipo_origem_externa":null,"local_origem_externa":null,"user":52,"anexadas":[],"autores":[75]}