{"id":6041,"__str__":"INDICA\u00c7\u00c3O n\u00ba 75 de 2021","link_detail_backend":"/materia/6041","metadata":{},"numero":75,"ano":2021,"numero_protocolo":null,"data_apresentacao":"2021-02-12","tipo_apresentacao":"","data_publicacao":null,"numero_origem_externa":"","ano_origem_externa":null,"data_origem_externa":null,"apelido":"","dias_prazo":null,"data_fim_prazo":null,"em_tramitacao":false,"polemica":false,"objeto":"","complementar":false,"ementa":"O Vereador que abaixo subscreve, no uso de suas prerrogativas legais e de acordo com a Lei Org\u00e2nica do Munic\u00edpio de Tijucas, solicita a Vossa Excel\u00eancia que analise a possibilidade de amplia\u00e7\u00e3o da unidade b\u00e1sica de sa\u00fade Ab\u00edlio Pereira, localizado no bairro Santa Luzia.\r\n\r\nJustificativa: A unidade referida, conta com apenas duas salas de atendimento, sendo uma delas para dentista, uma recep\u00e7\u00e3o e uma pequena cozinha. Tendo em vista, que em dias de chuva a popula\u00e7\u00e3o espera por atendimento ao ar livre, pois o espa\u00e7o coberto de espera n\u00e3o atende o tamanho desejado.","indexacao":"","observacao":"","resultado":"","texto_original":"http://sapl.tijucas.sc.leg.br/media/sapl/public/materialegislativa/2021/6041/75_-_ind_-_paulo.pdf","data_ultima_atualizacao":"2021-03-08T10:05:29.489952-03:00","ip":"187.94.101.206","ultima_edicao":"2021-02-12T10:08:59.267292-03:00","tipo":8,"regime_tramitacao":1,"tipo_origem_externa":null,"local_origem_externa":null,"user":52,"anexadas":[],"autores":[80]}