{"id":5951,"__str__":"REQUERIMENTO n\u00ba 3 de 2021","link_detail_backend":"/materia/5951","metadata":{},"numero":3,"ano":2021,"numero_protocolo":null,"data_apresentacao":"2021-01-21","tipo_apresentacao":"","data_publicacao":null,"numero_origem_externa":"","ano_origem_externa":null,"data_origem_externa":null,"apelido":"","dias_prazo":null,"data_fim_prazo":null,"em_tramitacao":true,"polemica":false,"objeto":"","complementar":false,"ementa":"O Vereador que abaixo subscreve, no uso de suas prerrogativas legais e de acordo com a lei org\u00e2nica do munic\u00edpio e do Regimento Interno, solicita \u00e0 Secretaria de Estado da Sa\u00fade, na pessoa do ilustre Secret\u00e1rio da pasta, Andr\u00e9 Motta Ribeiro, que analise a possiblidade de incluir os professores das redes Estadual e Municipal de Ensino no grupo priorit\u00e1rio de vacina\u00e7\u00e3o contra a Covid-19, t\u00e3o logo seja poss\u00edvel (antes da Etapa 4), tendo em vista a previs\u00e3o de retorno das atividades presenciais nas escolas para o dia 18 de fevereiro.","indexacao":"","observacao":"","resultado":"","texto_original":"http://sapl.tijucas.sc.leg.br/media/sapl/public/materialegislativa/2021/5951/req_03_-_claudio.pdf","data_ultima_atualizacao":"2021-12-01T07:02:44.137341-03:00","ip":"187.94.101.206","ultima_edicao":"2021-01-22T08:33:53.099572-03:00","tipo":3,"regime_tramitacao":1,"tipo_origem_externa":null,"local_origem_externa":null,"user":52,"anexadas":[],"autores":[75]}