{"id":5929,"__str__":"INDICA\u00c7\u00c3O n\u00ba 193 de 2020","link_detail_backend":"/materia/5929","metadata":{},"numero":193,"ano":2020,"numero_protocolo":null,"data_apresentacao":"2020-12-11","tipo_apresentacao":"","data_publicacao":null,"numero_origem_externa":"","ano_origem_externa":null,"data_origem_externa":null,"apelido":"","dias_prazo":null,"data_fim_prazo":null,"em_tramitacao":false,"polemica":false,"objeto":"","complementar":false,"ementa":"O Vereador que abaixo subscreve, no uso de suas prerrogativas legais e\r\nde acordo com a Lei Org\u00e2nica do Munic\u00edpio de Tijucas, solicita a vossa\r\nexcel\u00eancia a possibilidade de remover as lombadas na rua Coronel Isidoro\r\njunto ao sem\u00e1foro.\r\nJustificativa: Devido a instala\u00e7\u00e3o do sem\u00e1foro, n\u00e3o se faz necess\u00e1rio um\r\nredutor de velocidade no local.","indexacao":"","observacao":"","resultado":"","texto_original":"http://sapl.tijucas.sc.leg.br/media/sapl/public/materialegislativa/2020/5929/ind_193.pdf","data_ultima_atualizacao":"2020-12-15T10:04:54.089169-03:00","ip":"191.37.250.151","ultima_edicao":"2020-12-11T10:58:03.066343-03:00","tipo":8,"regime_tramitacao":1,"tipo_origem_externa":null,"local_origem_externa":null,"user":52,"anexadas":[],"autores":[55]}