{"id":5287,"__str__":"INDICA\u00c7\u00c3O n\u00ba 337 de 2019","link_detail_backend":"/materia/5287","metadata":{},"numero":337,"ano":2019,"numero_protocolo":null,"data_apresentacao":"2019-09-13","tipo_apresentacao":"","data_publicacao":null,"numero_origem_externa":"","ano_origem_externa":null,"data_origem_externa":null,"apelido":"","dias_prazo":null,"data_fim_prazo":null,"em_tramitacao":false,"polemica":null,"objeto":"","complementar":null,"ementa":"Tijucas (SC), 12 de setembro de 2019.\r\n\r\n                                        INDICA\u00c7\u00c3O N\u00ba 337/2019\r\n\r\nExmo. Sr. El\u00f3i Mariano Rocha\r\nPrefeito Municipal\r\nTijucas \u2013 SC\r\n\r\n      Senhor Prefeito,\r\n\r\n\tA Vereadora que abaixo subscreve, no uso de suas prerrogativas legais e de acordo com a Lei Org\u00e2nica do Munic\u00edpio de Tijucas, solicita a Vossa Excel\u00eancia que analise a possibilidade de remover as cercas e estabelecer edifica\u00e7\u00e3o com quadra de esportes, parque de divers\u00f5es infantil, equipamento para atividade f\u00edsica ao ar livre, e estrutura de pra\u00e7a, no espa\u00e7o de \u00e1rea verde, localizado no Bairro Centro, na Rua Manoel Naum de Brito.\r\nA \u00e1rea pode ser identificada atrav\u00e9s das imagens abaixo:                                                                 \r\n \r\n\r\n\r\n \r\n\r\nJustificativa: Defende-se que as \u00e1reas verdes urbanas proporcionam melhorias na qualidade de vida dos mun\u00edcipes, impactados pelo desenvolvimento da cidade. Acredita-se que esses espa\u00e7os verdes, considerados ociosos, ganham enorme import\u00e2ncia \u00e0 medi","indexacao":"","observacao":"","resultado":"","texto_original":"http://sapl.tijucas.sc.leg.br/media/sapl/public/materialegislativa/2019/5287/ind_337.pdf","data_ultima_atualizacao":"2019-09-17T10:48:50.425026-03:00","ip":"187.94.101.206","ultima_edicao":null,"tipo":8,"regime_tramitacao":1,"tipo_origem_externa":null,"local_origem_externa":null,"user":52,"anexadas":[],"autores":[57]}