{"id":525,"__str__":"REQUERIMENTO n\u00ba 242 de 2013","link_detail_backend":"/materia/525","metadata":{},"numero":242,"ano":2013,"numero_protocolo":null,"data_apresentacao":"2013-07-24","tipo_apresentacao":"","data_publicacao":null,"numero_origem_externa":"","ano_origem_externa":null,"data_origem_externa":null,"apelido":"","dias_prazo":null,"data_fim_prazo":null,"em_tramitacao":false,"polemica":null,"objeto":"","complementar":null,"ementa":"TIJUCAS (SC), 22 DE JULHO DE 2013.\r\n\r\n\r\n\r\n\r\nREQUERIMENTO N\u00ba 242/2013\r\n\r\n\r\n\r\n\r\n\u00c0 MESA DIRETORA:\r\n\r\n\r\nSENHOR PRESIDENTE:\r\n\r\n\r\n\r\n\tOS VEREADORES QUE ABAIXO SUBSCREVEM, NO USO DE SUAS PRERROGATIVAS LEGAIS E DE ACORDO COM A LEI ORG\u00c2NICA DE TIJUCAS, REQUEREM QUE SEJA DESPACHADA MO\u00c7\u00c3O DE PESAR AOS FAMILIARES DA SENHORA IVANE FRETTA MOREIRA.\r\n\r\n\r\n\r\nCORDIALMENTE,\r\n\r\n\r\n\r\n\r\nLUIZ ROG\u00c9RIO DA SILVA\tANT\u00cdDIO PEDRO REIS\r\nVEREADOR\r\n\r\n\r\n\r\n\tVEREADOR\r\nEDER MURARO\tEDSON JOS\u00c9 SOUZA\r\nVEREADOR\r\n\r\n\r\n\r\n\tVEREADOR\r\nELIZABETE MIANES DA SILVA\tFERNANDO FAGUNDES\r\nVEREADORA\r\n\r\n\r\n\r\n\tVEREADOR\r\nJEAN CARLOS DOS SANTOS\tJOS\u00c9 LEAL SILVA J\u00daNIOR\r\nVEREADOR\r\n\r\n\r\n\r\n\tVEREADOR\r\nJOS\u00c9 ROBERTO GIACOMOSSI\tLIALDA LEMOS\r\nVEREADOR\r\n\r\n\r\n\r\n\tVEREADORA\r\nPAULO SARTORI\tS\u00c9RGIO MURILO CORDEIRO\r\nVEREADOR\r\n\r\n\r\n\r\n\tVEREADOR\r\nVILSON JOS\u00c9 PORCINCULA\t\r\nVEREADOR\t\r\n","indexacao":"","observacao":"","resultado":"","texto_original":"http://sapl.tijucas.sc.leg.br/media/sapl/public/materialegislativa/2013/525/525_texto_integral.rtf","data_ultima_atualizacao":"2018-05-28T16:36:13.982200-03:00","ip":"","ultima_edicao":null,"tipo":3,"regime_tramitacao":1,"tipo_origem_externa":null,"local_origem_externa":null,"user":null,"anexadas":[],"autores":[33,67,28,30,32,35,34,36,38,41,39,42,40]}