{"id":5137,"__str__":"INDICA\u00c7\u00c3O n\u00ba 280 de 2019","link_detail_backend":"/materia/5137","metadata":{},"numero":280,"ano":2019,"numero_protocolo":null,"data_apresentacao":"2019-07-30","tipo_apresentacao":"","data_publicacao":null,"numero_origem_externa":"","ano_origem_externa":null,"data_origem_externa":null,"apelido":"","dias_prazo":null,"data_fim_prazo":null,"em_tramitacao":false,"polemica":null,"objeto":"","complementar":null,"ementa":"Tijucas (SC), 30 de julho de 2019.\r\n\r\nINDICA\u00c7\u00c3O N\u00ba 280/2019\r\n\r\nExmo. Sr. El\u00f3i Mariano Rocha\r\nPrefeito Municipal\r\nTijucas \u2013 SC\r\n\r\nSenhor Prefeito,\r\n\r\nO Vereador que abaixo subscreve, no uso de suas prerrogativas legais e de acordo com a Lei Org\u00e2nica do Munic\u00edpio de Tijucas, solicita a Vossa Excel\u00eancia, que analise a possibilidade de providenciar a coloca\u00e7\u00e3o de sem\u00e1foro no cruzamento da rua do Governo com a rua Ant\u00f4nio Bayer. \r\n.\r\nJustificativa: Solicita\u00e7\u00e3o da comunidade\r\n\r\nCordialmente,\r\n\r\n\r\nEL\u00d3I PEDRO GERALDO\r\nVEREADOR","indexacao":"","observacao":"","resultado":"","texto_original":"http://sapl.tijucas.sc.leg.br/media/sapl/public/materialegislativa/2019/5137/ind_280.pdf","data_ultima_atualizacao":"2019-08-05T10:03:30.206968-03:00","ip":"187.94.101.206","ultima_edicao":null,"tipo":8,"regime_tramitacao":1,"tipo_origem_externa":null,"local_origem_externa":null,"user":52,"anexadas":[],"autores":[60]}