{"id":4853,"__str__":"INDICA\u00c7\u00c3O n\u00ba 139 de 2019","link_detail_backend":"/materia/4853","metadata":{},"numero":139,"ano":2019,"numero_protocolo":null,"data_apresentacao":"2019-04-05","tipo_apresentacao":"","data_publicacao":null,"numero_origem_externa":"","ano_origem_externa":null,"data_origem_externa":null,"apelido":"","dias_prazo":null,"data_fim_prazo":null,"em_tramitacao":false,"polemica":null,"objeto":"","complementar":null,"ementa":"Tijucas (SC), 04 de abril de 2018.\r\n\r\nINDICA\u00c7\u00c3O N\u00ba 139/2019\r\n\r\nExmo. Sr. El\u00f3i Mariano Rocha\r\nPrefeito Municipal\r\nTijucas \u2013 SC\r\n\r\nSenhor Prefeito,\r\n\r\nA Vereadora que abaixo subscreve, no uso de suas prerrogativas legais e de acordo com a Lei Org\u00e2nica do Munic\u00edpio de Tijucas, solicita a Vossa Excel\u00eancia que analise a possibilidade de proceder \u00e0 manuten\u00e7\u00e3o adequada da \u00e1rea verde em que foi constitu\u00edda uma Pra\u00e7a na Rua Osvaldo Argino Reis, no Jardim Progresso.\r\n \r\n \r\nJustificativa - A referida \u00e1rea necessita da limpeza de ervas daninhas na \u00e1rea de circula\u00e7\u00e3o, instala\u00e7\u00e3o de novos brinquedos, conserto das gangorras do parque, instala\u00e7\u00e3o de bancos, balan\u00e7os, instalar pergolado de madeira com cobertura para que as pessoas tenham sombra em dias de sol e prote\u00e7\u00e3o em dias de chuva. \r\nNecessita ainda refazer o campo, redes e demarca\u00e7\u00e3o da quadra, areia no campo.   \r\nEntende-se que as pra\u00e7as devem ser elementos de socializa\u00e7\u00e3o do bairro. Pode-se entender como um espa\u00e7o que permite a conviv\u00eancia e a recrea\u00e7\u00e3o \u00e0 co","indexacao":"","observacao":"","resultado":"","texto_original":"http://sapl.tijucas.sc.leg.br/media/sapl/public/materialegislativa/2019/4853/ind_139.pdf","data_ultima_atualizacao":"2019-07-24T07:05:24.240053-03:00","ip":"","ultima_edicao":null,"tipo":8,"regime_tramitacao":1,"tipo_origem_externa":null,"local_origem_externa":null,"user":null,"anexadas":[],"autores":[57]}