{"id":4752,"__str__":"INDICA\u00c7\u00c3O n\u00ba 87 de 2019","link_detail_backend":"/materia/4752","metadata":{},"numero":87,"ano":2019,"numero_protocolo":null,"data_apresentacao":"2019-03-13","tipo_apresentacao":"","data_publicacao":null,"numero_origem_externa":"","ano_origem_externa":null,"data_origem_externa":null,"apelido":"","dias_prazo":null,"data_fim_prazo":null,"em_tramitacao":false,"polemica":null,"objeto":"","complementar":null,"ementa":"Tijucas (SC), 11 de mar\u00e7o de 2019.\r\n\r\nINDICA\u00c7\u00c3O N\u00ba 087/2019\r\nExmo. Sr. El\u00f3i Mariano Rocha\r\nPrefeito Municipal\r\nTijucas \u2013 SC\r\n\r\nSenhor Prefeito,\r\n\r\nO Vereador que abaixo subscreve, no uso de suas prerrogativas legais e de acordo com a Lei Org\u00e2nica do Munic\u00edpio de Tijucas, solicita a Vossa Excel\u00eancia, que analise a possibilidade de providenciar a instala\u00e7\u00e3o de uma faixa de pedestres na Avenida Bayer Filho, em frente \u00e0 Panificadora e Confeitaria Donatella.\r\n\tJustificativa: Proporcionar seguran\u00e7a aos pedestres que por ali atravessam, devido ao fluxo de ve\u00edculos no local.\r\n\r\n\r\n\r\n\r\n\r\nCordialmente,\r\n\r\n                                                    ESA\u00da BAYER\r\nVEREADOR","indexacao":"","observacao":"","resultado":"","texto_original":"http://sapl.tijucas.sc.leg.br/media/sapl/public/materialegislativa/2019/4752/ind_087.pdf","data_ultima_atualizacao":"2019-07-23T07:05:39.848033-03:00","ip":"","ultima_edicao":null,"tipo":8,"regime_tramitacao":1,"tipo_origem_externa":null,"local_origem_externa":null,"user":null,"anexadas":[],"autores":[54]}