{"id":4740,"__str__":"INDICA\u00c7\u00c3O n\u00ba 75 de 2019","link_detail_backend":"/materia/4740","metadata":{},"numero":75,"ano":2019,"numero_protocolo":null,"data_apresentacao":"2019-03-13","tipo_apresentacao":"","data_publicacao":null,"numero_origem_externa":"","ano_origem_externa":null,"data_origem_externa":null,"apelido":"","dias_prazo":null,"data_fim_prazo":null,"em_tramitacao":false,"polemica":null,"objeto":"","complementar":null,"ementa":"Tijucas (SC), 12 de mar\u00e7o de 2019.\r\n\r\nINDICA\u00c7\u00c3O N\u00ba 075/2019\r\n\r\n\r\n\r\n\r\nSenhor Prefeito,\r\n\r\nO Vereador que abaixo subscreve, no uso de suas prerrogativas legais e de acordo com a Lei Org\u00e2nica do Munic\u00edpio de Tijucas, solicita a Vossa Excel\u00eancia que analise a possibilidade de implanta\u00e7\u00e3o  de Jardim (Educa\u00e7\u00e3o Infantil) para atender crian\u00e7as de dois a quatro anos de idade, na Escola de Educa\u00e7\u00e3o B\u00e1sica Madre Sabina, no bairro Timb\u00e9, visto que no local j\u00e1 existe a estrutura necess\u00e1ria para atender essa demanda.\r\n\tJustificativa: Tendo em vista o n\u00famero significativo de empresas daquela comunidade e considerando tamb\u00e9m que as fam\u00edlias, por vezes, n\u00e3o t\u00eam onde deixar seus filhos, h\u00e1 necessidade dessa inser\u00e7\u00e3o.\r\n\r\nCordialmente,\r\n\r\n\r\nRUDNEI DE AMORIM\r\nVEREADOR","indexacao":"","observacao":"","resultado":"","texto_original":"http://sapl.tijucas.sc.leg.br/media/sapl/public/materialegislativa/2019/4740/ind_075.pdf","data_ultima_atualizacao":"2019-07-23T07:05:39.502897-03:00","ip":"","ultima_edicao":null,"tipo":8,"regime_tramitacao":1,"tipo_origem_externa":null,"local_origem_externa":null,"user":null,"anexadas":[],"autores":[56]}