{"id":4570,"__str__":"MO\u00c7\u00d5ES DE APLAUSOS/APELO/PESAR/PROTESTO n\u00ba 31 de 2018","link_detail_backend":"/materia/4570","metadata":{},"numero":31,"ano":2018,"numero_protocolo":null,"data_apresentacao":"2018-11-27","tipo_apresentacao":"","data_publicacao":null,"numero_origem_externa":"","ano_origem_externa":null,"data_origem_externa":null,"apelido":"","dias_prazo":null,"data_fim_prazo":null,"em_tramitacao":false,"polemica":null,"objeto":"","complementar":null,"ementa":"Tijucas (SC), 27 de novembro de 2018.\r\n\r\n\r\nMO\u00c7\u00c3O DE APLAUSOS\r\n\r\n\r\n\r\nO Poder Legislativo de Tijucas, no uso de suas prerrogativas legais, conferidas pela Constitui\u00e7\u00e3o da Rep\u00fablica Federativa do Brasil, Constitui\u00e7\u00e3o do Estado de Santa Catarina e pela Lei Org\u00e2nica do Munic\u00edpio de Tijucas e em conformidade com o Cap\u00edtulo V, Artigo 104 do Regimento Interno da C\u00e2mara Municipal de Tijucas, acatando proposi\u00e7\u00e3o do vereador Rudnei de Amorim, aprovada em reuni\u00e3o plen\u00e1ria desta Casa Legislativa realizada no dia 22 de novembro do corrente ano, torna p\u00fablico o seu reconhecimento ao M\u00fasico Adriano Wisintainer, em raz\u00e3o do dia do M\u00fasico, comemorado anualmente em 22 de novembro. Atrav\u00e9s deste, parabenizar todos os m\u00fasicos, assim como os que de alguma forma est\u00e3o ligados a m\u00fasica, trazendo arte e emo\u00e7\u00e3o com suas atividades. Deixo aqui em especial meu Parab\u00e9ns a todos os m\u00fasicos de Tijucas, desejando muito sucesso. \r\nJustificativa: Adriano Wisintainer, nascido e criado em Tijucas. Desde ent\u00e3o vem se dedicando a m\u00fasica com amor e profissionalismo, trazendo cultura e lazer a comunidade. Sempre com objetivo de levar alegria e inspirar sonhos, por onde passa, atrav\u00e9s da m\u00fasica.\r\n\r\nE, por serem estas as convic\u00e7\u00f5es do Poder Legislativo de Tijucas, subscrevo-me.\r\n\r\n\r\nRespeitosamente,\r\n\r\n\r\n\r\nJUAREZ SOARES\r\nPresidente","indexacao":"","observacao":"","resultado":"","texto_original":null,"data_ultima_atualizacao":"2018-11-27T09:15:32.030807-02:00","ip":"","ultima_edicao":null,"tipo":7,"regime_tramitacao":1,"tipo_origem_externa":null,"local_origem_externa":null,"user":null,"anexadas":[],"autores":[]}