{"id":4341,"__str__":"INDICA\u00c7\u00c3O n\u00ba 366 de 2018","link_detail_backend":"/materia/4341","metadata":{},"numero":366,"ano":2018,"numero_protocolo":null,"data_apresentacao":"2018-08-31","tipo_apresentacao":"","data_publicacao":null,"numero_origem_externa":"","ano_origem_externa":null,"data_origem_externa":null,"apelido":"","dias_prazo":null,"data_fim_prazo":null,"em_tramitacao":false,"polemica":null,"objeto":"","complementar":null,"ementa":"Tijucas (SC), 31 de Agosto de 2018.\r\n\r\nINDICA\u00c7\u00c3O N\u00ba 366/2018\r\n\r\nExmo. Sr. El\u00f3i Mariano Rocha\r\nPrefeito Municipal\r\nTijucas \u2013 SC\r\n\r\nSenhor Prefeito,\r\n\r\nO Vereador que abaixo subscreve, no uso de suas prerrogativas legais e de acordo com a Lei Org\u00e2nica do Munic\u00edpio de Tijucas, solicita \u00e0 Vossa Excel\u00eancia e ao setor competente, que analise a possibilidade de proceder a revitaliza\u00e7\u00e3o de faixa de pedestre localizada em frente \u00e0 Escola de Educa\u00e7\u00e3o B\u00e1sica Alexandre Ternes Filho, no bairro Jo\u00e1ia.\r\n\r\nJustificativa: Os moradores, sobretudo, os alunos e demais pedestres que se utilizam dessa via, principalmente nos hor\u00e1rios de maior fluxo de pessoas, que s\u00e3o os de entrada e de sa\u00edda dos alunos, vem sofrendo com a falta de sinaliza\u00e7\u00e3o, pois a faixa est\u00e1 apagada, necessitando ser revitalizada. A manuten\u00e7\u00e3o das faixas \u00e9 uma medida simples, mas suficiente para proporcionar maior seguran\u00e7a aos pedestres e motoristas, essencial para a qualidade de vida e seguran\u00e7a no transito dos usu\u00e1rios que transitam na referida via.  \r\n\r\nCordialmente,\r\n\r\n                              ________________________\r\nCl\u00e1udio Tiago Izidoro \r\nVereador","indexacao":"","observacao":"","resultado":"","texto_original":"http://sapl.tijucas.sc.leg.br/media/sapl/public/materialegislativa/2018/4341/877_-_ind_366-2018.pdf","data_ultima_atualizacao":"2018-09-12T10:12:59.889852-03:00","ip":"","ultima_edicao":null,"tipo":8,"regime_tramitacao":1,"tipo_origem_externa":null,"local_origem_externa":null,"user":null,"anexadas":[],"autores":[66]}