{"id":3357,"__str__":"REQUERIMENTO n\u00ba 129 de 2017","link_detail_backend":"/materia/3357","metadata":{},"numero":129,"ano":2017,"numero_protocolo":null,"data_apresentacao":"2017-06-07","tipo_apresentacao":"","data_publicacao":null,"numero_origem_externa":"","ano_origem_externa":null,"data_origem_externa":null,"apelido":"","dias_prazo":null,"data_fim_prazo":null,"em_tramitacao":false,"polemica":null,"objeto":"","complementar":null,"ementa":"A VEREADORA QUE ABAIXO SUBSCREVE NO USO DE SUAS PRERROGATIVAS LEGAIS E DE ACORDO COM A LEI ORG\u00c2NICA DO MUNIC\u00cdPIO DE TIJUCAS COM FULCRO NO REGIMENTO INTERNO ART. 104, DA C\u00c2MARA MUNICIPAL DE VEREADORES, REQUER QUE SEJA ENCAMINHADA MO\u00c7\u00c3O DE APLAUSOS AS SENHORAS ETELVINA KOCK, BANDEIREIRA ANFITRI\u00c3 DAS FESTIVIDADES EM HONRA AO DIVINO ESP\u00cdRITO SANTO, EM RAZ\u00c3O DA BEL\u00cdSSIMA ORGANIZA\u00c7\u00c3O E REALIZA\u00c7\u00c3O DA FESTA DO DIVINO 2017, MARIA JOS\u00c9 SBORS, EM RAZ\u00c3O DE ESTAR COMPLETANDO ESTE ANO, 20 ANOS COMO BANDEIREIRA, MARIA ICELDA TELLES, BANDEIREIRA E ENTUSIASTA DA COMUNIDADE CAT\u00d3LICA E A SENHORA MARIA BENTA VEN\u00c2NCIO QUE FOI A ESCOLHIDA PARA A REALIZA\u00c7\u00c3O DA FESTA DO DIVINO EM 2018.\r\nREQUER-SE QUE ESTAS HOMENAGENS SEJAM ENTREGUES NA SESS\u00c3O SOLENE EM COMEMORA\u00c7\u00c3O AO 157\u00ba ANIVERS\u00c1RIO DE TIJUCAS, NO PR\u00d3XIMO DIA 12 DE JUNHO.\r\nEM TEMPO RESSALTAMOS O SUCESSO DO EVENTO E AGRADECEMOS A TODA COMISS\u00c3O ORGANIZADORA, QUE JUNTO DESTA SENHORA REALIZOU E AJUDOU A MANTER T\u00c3O IMPORTANTE TRADI\u00c7\u00c3O DE NOSSO MUNIC\u00cdPIO.","indexacao":"","observacao":"","resultado":"","texto_original":"http://sapl.tijucas.sc.leg.br/media/sapl/public/materialegislativa/2017/3357/3357_texto_integral.pdf","data_ultima_atualizacao":"2018-05-28T16:35:58.582159-03:00","ip":"","ultima_edicao":null,"tipo":3,"regime_tramitacao":1,"tipo_origem_externa":null,"local_origem_externa":null,"user":null,"anexadas":[],"autores":[57]}