{"id":2982,"__str__":"REQUERIMENTO n\u00ba 36 de 2017","link_detail_backend":"/materia/2982","metadata":{},"numero":36,"ano":2017,"numero_protocolo":null,"data_apresentacao":"2017-02-16","tipo_apresentacao":"","data_publicacao":null,"numero_origem_externa":"","ano_origem_externa":null,"data_origem_externa":null,"apelido":"","dias_prazo":null,"data_fim_prazo":null,"em_tramitacao":false,"polemica":null,"objeto":"","complementar":null,"ementa":"\r\nTIJUCAS (SC), 16 DE FEVEREIRO DE 2017.\r\n\r\n\r\nREQUERIMENTO N\u00ba 036/2017\r\n\r\n\u00c0 MESA DIRETORA:\r\n\r\nSENHOR PRESIDENTE,\r\n\t\r\nA VEREADORA QUE ABAIXO SUBSCREVE, NO USO DE SUAS PRERROGATIVAS LEGAIS E DE ACORDO COM A LEI ORG\u00c2NICA DE TIJUCAS, E COM FULCRO NO ART. 99, XVI E XVII, DO REGIMENTO INTERNO, REQUER QUE SEJA DESPACHADA CORRESPOND\u00caNCIA PARA A SECRETARIA MUNICIPAL DE EDUCA\u00c7\u00c3O, SOLICITANDO AS SEGUINTES INFORMA\u00c7\u00d5ES REFERENTES A ANTIGA CRECHE PROFESSORA ZULMIRA G. PORTELLA, QUE FUNCIONAVA NO (CAES) CENTRO ASSISTENCIAL ESPIRITO SANTO:\r\n\r\n\r\n\r\n\r\n\r\nA)\tPORQUE O ESPA\u00c7O FOI FECHADO?\r\nB)\tPORQUE O REFERIDO ESPA\u00c7O N\u00c3O EST\u00c1 SENDO UTILIZADO PARA CRECHE?\r\nC)\tQUAIS OS MOTIVOS QUE IMPOSSIBILITAM A REABERTURA DA CRECHE?\r\nD)\tO QUE EST\u00c1 EM FUNCIONAMENTO NO PR\u00c9DIO ATUALMENTE?\r\n\r\n\r\nCORDIALMENTE,\r\n\r\n\r\nMARIA ED\u00c9SIA DA SILVA VARGAS\r\nVEREADORA\r\n","indexacao":"","observacao":"","resultado":"","texto_original":null,"data_ultima_atualizacao":"2018-05-28T16:32:06.617997-03:00","ip":"","ultima_edicao":null,"tipo":3,"regime_tramitacao":1,"tipo_origem_externa":null,"local_origem_externa":null,"user":null,"anexadas":[],"autores":[58]}