{"id":2951,"__str__":"INDICA\u00c7\u00c3O n\u00ba 173 de 2017","link_detail_backend":"/materia/2951","metadata":{},"numero":173,"ano":2017,"numero_protocolo":null,"data_apresentacao":"2017-02-14","tipo_apresentacao":"","data_publicacao":null,"numero_origem_externa":"","ano_origem_externa":null,"data_origem_externa":null,"apelido":"","dias_prazo":null,"data_fim_prazo":null,"em_tramitacao":false,"polemica":null,"objeto":"","complementar":null,"ementa":"TIJUCAS (SC), 14 DE FEVEREIRO DE 2017.\r\n\r\nINDICA\u00c7\u00c3O N\u00ba 173/2017\r\n\r\nEXMO. SR. EL\u00d3I MARIANO ROCHA\r\nPREFEITO MUNICIPAL\r\nTIJUCAS &#8211; SC\r\n\r\nSENHOR PREFEITO,\r\n\r\nO VEREADOR QUE ABAIXO SUBSCREVE, NO USO DE SUAS PRERROGATIVAS LEGAIS E DE ACORDO COM A LEI ORG\u00c2NICA DO MUNIC\u00cdPIO DE TIJUCAS, SOLICITA A VOSSA EXCEL\u00caNCIA QUE ANALISE A POSSIBILIDADE DE CONSTRUIR O MERCADO P\u00daBLICO MUNICIPAL, QUE PODERIA SER NO P\u00c1TIO DA SECRETARIA DE AGRICULTURA, COM BOX PARA QUE OS AGRICULTORES, PECUARISTAS, ARTES\u00d5ES E DOCEIRAS DE NOSSO MUNIC\u00cdPIO POSSAM COMERCIALIZAR SEUS PRODUTOS NO LOCAL APROPRIADO, INCLUSIVE COM PRA\u00c7A DE ALIMENTA\u00c7\u00c3O.\r\nJUSTIFICATIVA: PELA VALORIZA\u00c7\u00c3O DE TODA A COMUNIDADE E POR GERA\u00c7\u00c3O DE RENDA.\r\n\r\nCORDIALMENTE,\r\n\r\n\r\nEL\u00d3I PEDRO GERALDO\r\nVEREADOR\r\n\r\n\r\n","indexacao":"","observacao":"","resultado":"","texto_original":"http://sapl.tijucas.sc.leg.br/media/sapl/public/materialegislativa/2017/2951/2951_texto_integral.pdf","data_ultima_atualizacao":"2018-05-28T16:36:51.976402-03:00","ip":"","ultima_edicao":null,"tipo":8,"regime_tramitacao":1,"tipo_origem_externa":null,"local_origem_externa":null,"user":null,"anexadas":[],"autores":[60]}