{"id":2839,"__str__":"REQUERIMENTO n\u00ba 13 de 2017","link_detail_backend":"/materia/2839","metadata":{},"numero":13,"ano":2017,"numero_protocolo":null,"data_apresentacao":"2017-01-30","tipo_apresentacao":"","data_publicacao":null,"numero_origem_externa":"","ano_origem_externa":null,"data_origem_externa":null,"apelido":"","dias_prazo":null,"data_fim_prazo":null,"em_tramitacao":false,"polemica":null,"objeto":"","complementar":null,"ementa":"TIJUCAS (SC), 30 DE JANEIRO DE 2017.\r\n\r\n\r\nREQUERIMENTO N\u00ba 013/2017\r\n\r\n\u00c0 MESA DIRETORA:\r\n\r\nSENHOR PRESIDENTE,\r\n\t\r\nOS VEREADORES QUE ABAIXO SUBSCREVEM, NO USO DE SUAS PRERROGATIVAS LEGAIS E DE ACORDO COM A LEI ORG\u00c2NICA DE TIJUCAS, E COM FULCRO NO ART. 99, I E XVI, DO REGIMENTO INTERNO, REQUEREM QUE SEJA DESPACHADA CORRESPOND\u00caNCIA PARA A SECRETARIA MUNICIPAL DE EDUCA\u00c7\u00c3O, SOLICITANDO INFORMA\u00c7\u00d5ES ACERCA DA CONCESS\u00c3O DO VALE TRANSPORTE, QUE COMPREENDE O BENEF\u00cdCIO AOS ESTUDANTES RESIDENTES NESTE MUNIC\u00cdPIO, QUE FREQ\u00dcENTAM CURSOS SUPERIORES EM INSTITUI\u00c7\u00d5ES DE ENSINO NOS MUNIC\u00cdPIOS DE BALNE\u00c1RIO CAMBORI\u00da, BRUSQUE E ITAJA\u00cd.\r\nESTE BENEF\u00cdCIO EST\u00c1 PREVISTO NA LEI N\u00b0 1712/2002, DESTINADO AOS ESTUDANTES UNIVERSIT\u00c1RIOS E AOS DE ENSINO M\u00c9DIO, CORRESPONDENTE AO VALOR DE AT\u00c9 80% DO CUSTO DO TRANSPORTE, SUJEITO A COMPROVA\u00c7\u00c3O DA RENDA FAMILIAR DE AT\u00c9 OITO SAL\u00c1RIOS M\u00cdNIMOS, ATESTADOS DE FREQ\u00dc\u00caNCIA, DE RESID\u00caNCIA E C\u00d3PIA DE DECLARA\u00c7\u00c3O DO IMPOSTO DE RENDA DO ANO ANTERIOR.\r\nOCORRE QUE, A SECRETARIA MUNICIPAL DE EDUCA\u00c7\u00c3O DE TIJUCAS PUBLICOU NOT\u00cdCIA NO SITE DA PREFEITURA MUNICIPAL NO DIA 23/01/2017, INFORMANDO O IN\u00cdCIO DO CADASTRO DOS ALUNOS PARA OBTEN\u00c7\u00c3O DO REFERIDO BENEF\u00cdCIO.\r\nV\u00c1RIOS ALUNOS ENTRARAM EM CONTATO COM A SECRETARIA, CONSIDERANDO-SE QUE SUAS AULAS INICIAM EM 02/02/2017, NESTA OCASI\u00c3O FORAM INFORMADOS DE QUE O BENEF\u00cdCIO ESTARIA, POR HORA, SUSPENSO E QUE DEPENDERIA DA AVALIA\u00c7\u00c3O RELATIVA AO CADASTRAMENTO QUE FINDARIA SOMENTE NO DIA 06/02/2017.\r\nEM RAZ\u00c3O DESTE PROCEDIMENTO O BENEF\u00cdCIO SERIA CONCEDIDO, AP\u00d3S ANALISE DE CADA CASO, SOMENTE EM MAR\u00c7O DE 2017.  \r\nDIANTE DOS FATOS NARRADOS E DA URG\u00caNCIA DO AUX\u00cdLIO TRANSPORTE AOS UNIVERSIT\u00c1RIOS DA CIDADE, SOLICITAMOS QUE SEJA ENCAMINHADA CORRESPOND\u00caNCIA A SECRETARIA DE EDUCA\u00c7\u00c3O DO MUNIC\u00cdPIO DE TIJUCAS, CONVOCANDO-A \u00c0 COMPARECER A SESS\u00c3O ORDIN\u00c1RIA QUE REALIZAR-SE-\u00c1 NO DIA 13/02/2017 \u00c0S 20 HORAS, A FIM DE ESCLARECER OS PROCEDIMENTOS E CRIT\u00c9RIOS ADOTADOS PARA AS RESPECTIVAS AVALIA\u00c7\u00d5ES DE CONCESS\u00c3O DO BENEF\u00cdCIO.\r\nSALIENTA-SE QUE, \u00c9 PARTE INTEGRANTE DESTE REQUERIMENTO A LISTA DE 103 ALUNOS QUE UTILIZAM O REFERIDO BENEF\u00cdCIO H\u00c1 MAIS DE DOIS ANOS, DESLOCANDO-SE DE TIJUCAS DIARIAMENTE AOS SEUS RESPECTIVOS LOCAIS DE ENSINO.\r\n\r\n\r\nRESPEITOSAMENTE,\r\n\r\n\r\n\r\nESA\u00da BAYER\t\t        FERNANDA MELO\r\n  VEREADOR\t\t            VEREADORA\r\n\r\n\r\n\r\n\r\n\r\n\r\n\r\n\r\n\r\n\r\n\r\nABAIXO ASSINADO, OS ESTUDANTES PROPOSITORES DESTE REQUERIMENTO EM CONJUNTO COM OS VEREADORES:\r\nNOME\tCURSO\tFASE\tINSTITUI\u00c7\u00c3O\tPER\u00cdODO\r\n CAROLINE CIDRAL\t \t \t UNIVALI\tINTEGRAL\r\n EDUARDA MAFRA\t \t \tUNIVALI\tINTEGRAL\r\n HINGRID DE LIMA\t \t \tEST\u00c1CIO DE S\u00c1\tNOTURNO\r\n ISABELLE DA LUZ SILVA \t \t \tUFSC\tINTEGRAL\r\n LIZ DI BERNARDI\t \t \tESTACIO DE S\u00c1\tNOTURNO\r\nADGNALDO JOS\u00c9 REIS\tARQUITETURA E URBANISMO\t \tUNIASSELVI\tNOTURNO\r\nADRIELLY CRISTINY SILVA\tODONTOLOGIA\t7\u00ba \tAVANTIS \tNOTURNO\r\nAMANDA DA SILVA AMORIM\tFONOAUDIOLOGIA\t3\u00ba \tUNIVALI \tNOTURNO\r\nAMANDA REIS\t \t \tESTACIO DE S\u00c1\tNOTURNO\r\nANA CAROLINA IN\u00c1CIO DE SOUZA\tARQUITETURA E URBANISMO\t \tBRUSQUE/ UNIASSELVI\t \r\nANA CAROLINY FERNANDES\t \t \tUNIVALI \tMATUTINO\r\nANA L\u00daCIA FAGUNDES R\u00c9GIS\tEDUCA\u00c7\u00c3O F\u00cdSICA\t \t \t \r\nANA PAULA DA SILVA\t \t \tUNIVALI\tNOTURNO\r\nANY TCHAYLLAN PONTES\tENGENHARIA CIVIL\t4\u00ba\t \t \r\nARNALDO JOS\u00c9 GABRIEL JUNIOR\t \t \t IFSC\tNOTURNO\r\nBARBARA AMORIM DE LIMAS\tARQUITETURA E URBANISMO\t9\u00ba\tUNIVALI \tMATUTINO\r\nBARBARA SOUZA TERNES\tARQUITETURA E URBANISMO\t5\u00ba\t \t \r\nBRUNO NAZARIO ALBINO\tENFERMAGEM\t \tUNIVALI\tNOTURNO\r\nBRUNO SOUZA DA ROSA\tENGENHARIA DE PRODU\u00c7\u00c3O\t8\u00ba\t \tNOTURNO\r\nCAROLINA ALVES ARIAS\tPSICOLOGIA\t8\u00ba\tAVANTIS \tNOTURNO\r\nCAROLINA LOUISE BARONI BROCARDO\tPSICOLOGIA\t4\u00ba\tAVANTIS \tNOTURNO\r\nCAROLINI NANDI\tJORNALISMO\t5\u00ba\tUNIVALI \t \r\nCHAIANE MATIOLA\tEDUCA\u00c7\u00c3O F\u00cdSICA\t \t \tNOTURNO\r\nCINARA DA SILVA\tGEST\u00c3O DE RECURSOS HUMANOS\t \tUNIVALI\tNOTURNO\r\nCINTIA NUNES CARARA\tODONTOLOGIA\t7\u00ba \tAVANTIS \tNOTURNO\r\nDAIANNY CRISTINE CAMARGO\tJORNALISMO\t \tUNIVALI \tNOTURNO\r\nDAMIELLE FERNANDES GUIMARAES\t \t \tESTACIO DE S\u00c1\tNOTURNO\r\nDANUBIA LOHN\tCI\u00caNCIAS CONT\u00c1BEIS\t7\u00ba \t \t \r\nDEBORA VANESSA PAVESI\tADMINISTRA\u00c7\u00c3O\t7\u00ba \tAVANTIS \tNOTURNO\r\nDIEGO JOS\u00c9 COSTA\t \t \tUDESC\tNOTURNO\r\nEDNA CAMATINI \tCIENCIAS CONT\u00c1BEIS\t \tBRUSQUE/ UNIASSELVI\t \r\nEDUARDO DOS SANTOS BENTO\tEDUCA\u00c7\u00c3O F\u00cdSICA\t \t \tNOTURNO\r\nEMILY DE MELO SALES\tRECURSOS HUMANOS\t2\u00ba \tUNIVALI\t \r\nEZEQUIEL GEREMIAS\t \t \tUNIVALI\tINTEGRAL\r\nEZEQUIEL GEREMIAS JUNIOR\t \t \tUNIVALI\tINTEGRAL\r\nFERNANDA MANOELA MARTINENGHI BATISTOTI\tODONTOLOGIA\t7\u00ba \tAVANTIS \tNOTURNO\r\nFERNANDO MULLER\tCI\u00caNCIAS CONT\u00c1BEIS\t5\u00ba\tUNIFEBE\t \r\nFILIPE JOS\u00c9 CARDOSO\tARQUITETURA E URBANISMO\t \t \t \r\nFRANCINI DA SILVA\tARQUITETURA E URBANISMO\t9\u00ba\tAVANTIS \tNOTURNO\r\nGABRIEL MICHEL ROCHA\tENGENHARIA EL\u00c9TRICA\t3\u00ba \tUNIASSELVI\t \r\nGABRIEL ROG\u00c9RIO ADRIANO\tCI\u00caNCIAS CONT\u00c1BEIS\t3\u00ba \t \t \r\nGABRIELA  DOS SANTOS \t \t \tEST\u00c1CIO DE S\u00c0\tMATUTINO\r\nGESSICA DAROSCI\tCI\u00caNCIAS CONT\u00c1BEIS\t3\u00ba \tUNIVALI \t \r\nGUSTAVO SYMON DE FREITAS\tEDUCA\u00c7\u00c3O F\u00cdSICA\t \tUNIVALI\tNOTURNO\r\nHELLEN CRISTINA MARTINS\t \t \t UNIVALI\tMATUTINO\r\nHIEGO BATTISTOTTI\tENG. MEC\u00c2NICA\t7\u00ba\tBRUSQUE/ UNIASSELVI\t \r\nHIGOR SILVA DOS PRAZERES\tGEST\u00c3O DE TI\t \t \t \r\nHIGOR TOMAZI\tDIREITO\t5\u00ba\t \tNOTURNO\r\nIZADORA MUSTAFA DUAILIBI\tCI\u00caNCIAS BIOL\u00d3GICAS\t2\u00ba \tUNIVALI \tNOTURNO\r\nJACIARA SERPA\tFONOAUDIOLOGIA\t \tUNIVALI - ITAJAI\t \r\nJADERSON MARTINEZ MUSTAFA\tPSICOLOGIA\t6\u00b0\tAVANTIS \tNOTURNO\r\nJEFERSON ANTONIO BORCHARDT\tSISTEMAS DA INFORMA\u00c7\u00c3O\t5\u00ba\t \tNOTURNO\r\nJ\u00c9SSICA F\u00c1TIMA \t \t \tEST\u00c1CIO DE S\u00c0\tNOTURNO\r\nJOABE SABINO \tENG. CIVIL\t \tBRUSQUE/ UNIASSELVI\t \r\nJO\u00c3O GABRIEL DA SILVA JACINTO\tENGENHARIA EL\u00c9TRICA\t2\u00ba \t \t \r\nJOHNATAN FLOR DA ROCHA\tCI\u00caNCIAS CONT\u00c1BEIS\t6\u00ba\tAVANTIS \tNOTURNO\r\nJ\u00daLIA CALASANS DA SILVA\tENG. CIVIL\t \tBRUSQUE/ UNIASSELVI\t \r\nJULIANA FERNANDES\tARQUITETURA E URBANISMO\t \tBRUSQUE/ UNIASSELVI\t \r\nJULIANO FERNANDES FERREIRA\tARQUITETURA E URBANISMO\t \tBRUSQUE/ UNIFEBE\t \r\nJULIO CESAR BORBA DA\t \t \tSENAI\tNOTURNO\r\nKATRINE FLOR ASSUN\u00c7\u00c3O\tHIST\u00d3RIA\t5\u00ba\tUNIVALI \tNOTURNO\r\nKATRINE FLOR ASSUN\u00c7\u00c3O\t \t \tUNIVALI\tNOTURNO\r\nKELLY ABREU DOS SANTOS\t \t \tEST\u00c1CIO DE S\u00c1\tNOTURNO\r\nLARISSA DE AMORIM BEIR\u00c3O\t \t \tUNISUL\tNOTURNO\r\nLARISSA VENZON\t \t \tUNIVALI \tMATUTINO\r\nLET\u00cdCIA DE SOUZA PESSOA\t \t \tUNIVALI\tMATUTINO\r\nLETICIA PEREIRA SARTORI\tFISIOTERAPIA\t2\u00ba \tAVANTIS \t \r\nLUCINA CAMARGO SOARES\tCI\u00caNCIAS CONT\u00c1BEIS\t5\u00ba\t \t \r\nLUIZ FELIPE DA SILVA\t \t \tENGENHARIA QU\u00cdMICA\tITAJA\u00cd\r\nLUIZ FELIPE DOS SANTOS\tSISTEMAS DE INFORMA\u00c7\u00c3O\t7\u00ba \t \t \r\nLUIZ FERNANDO FLOR\u00caNCIO\tENGENHARIA CIVIL\t5\u00ba\tUNIFEBE\t \r\nLUIZA CAROLINA SCHISTEL\tODONTOLOGIA\t6\u00ba\tAVANTIS \tNOTURNO\r\nMAICON WEBER\tENG. MEC\u00c2NICA\t \tBRUSQUE/ UNIASSELVI\t \r\nMANUELA VENZON\tENG. CIVIL\t5\u00ba\tBRUSQUE/ UNIFEBE\t \r\nMARCELO JUSKOW SIDOR\tENGENHARIA DE PRODU\u00c7\u00c3O\t3\u00ba \tUNIASSELVI\t \r\nM\u00c1RCIA G. DE OLIVEIRA\tARQUITETURA E URBANISMO\t \tBRUSQUE/ UNIASSELVI\t \r\nMARCOS VINICIO DADAM\tENGENHARIA CIVIL\t \t \tINTEGRAL\r\nMARCOS VIN\u00cdCIO DADAM\t \t \tUNIVALI\tINTEGRAL\r\nMARIA LUIZA VETORINO\tCIENCIAS CONT\u00c1BEIS\t3\u00ba\tBRUSQUE/ UNIASSELVI\t \r\nMATHEUS HENRIQUE SILVA PEIXER\tHIST\u00d3RIA\t \tUNIVALI - ITAJAI\t \r\nMAYNARA GOMES DOS SANTOS\tDIREITO\t6\u00ba\tUNIVALI \tNOTURNO\r\nMICHELE SILVA\tENGENHARIA MEC\u00c2NICA\t3\u00ba \t \t \r\nNAT\u00c1LIA FURTADO SILVA\t \t \tUNIVALI\tMATUTINO\r\nNATHAN DIAS SANT ANA\t \t \tESTA&#769;CIO \tNOTURNO\r\nNICOLE DANIELE MALV\u00c3O\tENGENHARIA DE PRODU\u00c7\u00c3O\t3\u00ba \t \t \r\nPATR\u00cdCIA DA SILVA\tENG. QU\u00cdMICA\t5\u00ba\tBRUSQUE/ UNIASSELVI\t \r\nRENATO GARAIS TAVARES\tENGENHARIA DE PRODU\u00c7\u00c3O\t5\u00ba\t \t \r\nRODRIGO BRUM\tLOG\u00cdSTICA\t5\u00ba\t \tNOTURNO\r\nRONALDO GUESSER\tENG. MEC\u00c2NICA\t \tBRUSQUE/ UNIFEBE\t \r\nRUD DEPIERI\tSISTEMAS DE INFORMA\u00c7\u00c3O\t8\u00ba\tAVANTIS \tNOTURNO\r\nSTEFANI CRISTINE FURTADO\tRECURSOS HUMANOS\t5\u00ba\tUNIVALI\t \r\nTALITA ROSA\tENG. PRODU\u00c7\u00c3O\t3\u00ba\tBRUSQUE/ UNIASSELVI\t \r\nTAMARA LOPES\tPSICOLOGIA\t6\u00ba\tAVANTIS \tNOTURNO\r\nTAMIRES FERNANDES\tPEDAGODIA\t \tBRUSQUE/ UNIASSELVI\t \r\nTHAMYRES LOUREN\u00c7O DA COSTA\tARQUITETURA E URBANISMO\t \tBRUSQUE/ UNIASSELVI\t \r\nTHIAGO VOLTOLINI\tENGENHARIA CIVIL\t5\u00ba\tAVANTIS \tNOTURNO\r\nTHUANE MELO \t \t \tEST\u00c1CIO DE S\u00c1\tS\u00c3O JOS\u00c9\r\nVALTER ROSELINDO JUNIOR\t - \t \tBRUSQUE/ UNIASSELVI\t \r\nVIT\u00d3RIA LEAL SILVA\t \t \tUNIVALI \tINTEGRAL\r\nVIT\u00d3RIA NAZ\u00c1RIO ALVES\tRECURSOS HUMANOS\t3\u00ba \tUNIVALI \tNOTURNO\r\nWESLEI PEREIRA LOPES\tENGENHARIA CIVIL\t2\u00ba \tAVANTIS \tNOTURNO\r\nWILLIAM CORR\u00caA BURIGO\tENGENHARIA CIVIL\t7\u00ba \t \t \r\nWILLIAN KALB\tENGENHARIA CIVIL\t5\u00ba\t \t \r\n\r\n","indexacao":"","observacao":"","resultado":"","texto_original":"http://sapl.tijucas.sc.leg.br/media/sapl/public/materialegislativa/2017/2839/2839_texto_integral.pdf","data_ultima_atualizacao":"2018-05-28T16:36:29.367029-03:00","ip":"","ultima_edicao":null,"tipo":3,"regime_tramitacao":1,"tipo_origem_externa":null,"local_origem_externa":null,"user":null,"anexadas":[],"autores":[54,57]}