{"id":2822,"__str__":"INDICA\u00c7\u00c3O n\u00ba 73 de 2017","link_detail_backend":"/materia/2822","metadata":{},"numero":73,"ano":2017,"numero_protocolo":null,"data_apresentacao":"2017-01-30","tipo_apresentacao":"","data_publicacao":null,"numero_origem_externa":"20072","ano_origem_externa":null,"data_origem_externa":null,"apelido":"","dias_prazo":null,"data_fim_prazo":null,"em_tramitacao":false,"polemica":null,"objeto":"","complementar":null,"ementa":"TIJUCAS (SC), 30 DE JANEIRO DE 2017.\r\n\r\nINDICA\u00c7\u00c3O N\u00ba 073/2017\r\n\r\nEXMO. SR. EL\u00d3I MARIANO ROCHA\r\nPREFEITO MUNICIPAL\r\nTIJUCAS &#8211; SC\r\n\r\n\r\nSENHOR PREFEITO,\r\n\r\nA VEREADORA QUE ABAIXO SUBSCREVE NO USO DE SUAS PRERROGATIVAS LEGAIS E DE ACORDO COM A LEI ORG\u00c2NICA DO MUNIC\u00cdPIO DE TIJUCAS, SOLICITA A VOSSA EXCEL\u00caNCIA QUE ANALISE A POSSIBILIDADE DE EFETUAR REPAROS NA RUA BEM TE VI, BAIRRO PRA\u00c7A.\r\n \r\n \r\n\r\nJUSTIFICATIVA: EXISTEM BURACOS NA ESTRADA EM FUN\u00c7\u00c3O DA M\u00c1 ACOMODA\u00c7\u00c3O DAS LAJOTAS NA PISTA, H\u00c1 MAIS DE UM ANO. \r\nA \u00c1REA \u00c9 DE CIRCULA\u00c7\u00c3O DA CRECHE ZILDA MARIA PEIXER, O QUE OCASIONA GRANDE MOVIMENTO NOS HOR\u00c1RIOS DE PICO, OS PROBLEMAS DA VIA EST\u00c3O AINDA PASS\u00cdVEIS DE OCASIONAR GRAVES ACIDENTES.\r\nRESPEITOSAMENTE,\r\n\r\nFERNANDA MELO\r\nVEREADORA\r\n\r\n","indexacao":"","observacao":"","resultado":"","texto_original":"http://sapl.tijucas.sc.leg.br/media/sapl/public/materialegislativa/2017/2822/2822_texto_integral.pdf","data_ultima_atualizacao":"2019-06-02T07:29:05.124179-03:00","ip":"","ultima_edicao":null,"tipo":8,"regime_tramitacao":1,"tipo_origem_externa":null,"local_origem_externa":1,"user":null,"anexadas":[],"autores":[57]}