{"id":220,"__str__":"INDICA\u00c7\u00c3O n\u00ba 201 de 2013","link_detail_backend":"/materia/220","metadata":{},"numero":201,"ano":2013,"numero_protocolo":null,"data_apresentacao":"2013-06-24","tipo_apresentacao":"","data_publicacao":null,"numero_origem_externa":"","ano_origem_externa":null,"data_origem_externa":null,"apelido":"","dias_prazo":null,"data_fim_prazo":null,"em_tramitacao":false,"polemica":null,"objeto":"","complementar":null,"ementa":"O VEREADOR QUE ABAIXO SUBSCREVE, NO USO DE SUAS PRERROGATIVAS LEGAIS E DE ACORDO COM A LEI ORG\u00c2NICA DO MUNIC\u00cdPIO DE TIJUCAS, SOLICITA QUE VOSSA EXCEL\u00caNCIA ANALISE A POSSIBILIDADE DE DETERMINAR QUE A DIRETORIA DE COMUNICA\u00c7\u00c3O COORDENE TRABALHO EM CONJUNTO COM AS SECRETARIAS DE EDUCA\u00c7\u00c3O E CULTURA, VISANDO RETIFICAR DE MANEIRA CONSISTENTE O QUE CONSTA DO VERBETE &#8220;TIJUCAS&#8221; NO IMPORTANTE SITE &#8220;WIKIP\u00c9DIA&#8221;.\r\n\r\n\r\nJUSTIFICATIVA: O REFERIDO SITE \u00c9 REFER\u00caNCIA B\u00c1SICA COMO ELEMENTO DE PESQUISA, NOTADAMENTE PARA ESTUDANTES. ERROS GROSSEIROS SOBRE A LOCALIZA\u00c7\u00c3O DA CIDADE E OUTRAS INFORMA\u00c7\u00d5ES CONSTAM NO REFERIDO SITE, PODENDO DESCONSTRUIR A HIST\u00d3RIA DE TIJUCAS E ATRAPALHAR A PESQUISA REALIZADA POR INTERNAUTAS.\r\n","indexacao":"","observacao":"","resultado":"","texto_original":"http://sapl.tijucas.sc.leg.br/media/sapl/public/materialegislativa/2013/220/220_texto_integral.rtf","data_ultima_atualizacao":"2018-05-28T16:35:18.113629-03:00","ip":"","ultima_edicao":null,"tipo":8,"regime_tramitacao":1,"tipo_origem_externa":null,"local_origem_externa":null,"user":null,"anexadas":[],"autores":[42]}