{"id":1952,"__str__":"INDICA\u00c7\u00c3O n\u00ba 96 de 2015","link_detail_backend":"/materia/1952","metadata":{},"numero":96,"ano":2015,"numero_protocolo":null,"data_apresentacao":"2015-04-09","tipo_apresentacao":"","data_publicacao":null,"numero_origem_externa":"","ano_origem_externa":null,"data_origem_externa":null,"apelido":"","dias_prazo":null,"data_fim_prazo":null,"em_tramitacao":true,"polemica":null,"objeto":"","complementar":null,"ementa":"TIJUCAS (SC), 09 DE ABRIL DE 2015.\r\n\r\nINDICA\u00c7\u00c3O N\u00ba 096/2015\r\n\r\nEXMO. SR. VAL\u00c9RIO TOMAZI\r\nPREFEITO MUNICIPAL\r\nTIJUCAS &#8211; SC\r\n\r\nSENHOR PREFEITO,\r\n\r\nO VEREADOR QUE ABAIXO SUBSCREVE, NO USO DE SUAS PRERROGATIVAS LEGAIS E DE ACORDO COM A LEI ORG\u00c2NICA DO MUNIC\u00cdPIO DE TIJUCAS, SOLICITA QUE VOSSA EXCEL\u00caNCIA ANALISE A POSSIBILIDADE DE PROVIDENCIAR A REPOSI\u00c7\u00c3O DAS L\u00c2MPADAS QUEIMADAS REFERENTE \u00c0 ILUMINA\u00c7\u00c3O EXTERNA DO CASAR\u00c3O GALLOTTI.\r\nJUSTIFICATIVA: O CASAR\u00c3O GALLOTTI \u00c9 UM DOS LOCAIS MAIS VISITADOS DA CIDADE, PELA BELEZA, PELA HIST\u00d3RIA E PELA SUA PRESERVA\u00c7\u00c3O. \u00c9 UM DOS ENCANTOS QUE COMP\u00d5E O NOSSO CENTRO HIST\u00d3RICO, PORTANTO \u00c9 DE SUMA IMPORT\u00c2NCIA MANTER A ILUMINA\u00c7\u00c3O EXTERNA EM PERFEITO ESTADO DE MANUTEN\u00c7\u00c3O E CONSERVA\u00c7\u00c3O.\r\nEM NOME DA COMUNIDADE SOLICITAMOS A PROVID\u00caNCIA ACIMA MENCIONADA COM A FINALIDADE DE ATENDER ESSE PLEITO DA POPULA\u00c7\u00c3O.\r\n\r\n\r\nCORDIALMENTE,\r\n\r\n\r\nEDSON SOUZA\t\r\nVEREADOR\t\r\n","indexacao":"","observacao":"","resultado":"","texto_original":"http://sapl.tijucas.sc.leg.br/media/sapl/public/materialegislativa/2015/1952/1952_texto_integral.jpeg","data_ultima_atualizacao":"2018-05-28T16:33:44.574500-03:00","ip":"","ultima_edicao":null,"tipo":8,"regime_tramitacao":1,"tipo_origem_externa":null,"local_origem_externa":null,"user":null,"anexadas":[],"autores":[32]}