{"id":1384,"__str__":"REQUERIMENTO n\u00ba 93 de 2014","link_detail_backend":"/materia/1384","metadata":{},"numero":93,"ano":2014,"numero_protocolo":null,"data_apresentacao":"2014-06-04","tipo_apresentacao":"","data_publicacao":null,"numero_origem_externa":"","ano_origem_externa":null,"data_origem_externa":null,"apelido":"","dias_prazo":null,"data_fim_prazo":null,"em_tramitacao":false,"polemica":null,"objeto":"","complementar":null,"ementa":"\r\nTIJUCAS (SC), 04 DE JUNHO DE 2014.\r\n\r\nREQUERIMENTO N\u00ba 93/2014\r\n\r\n\u00c0 MESA DIRETORA:\r\n\r\nSENHOR PRESIDENTE:\r\n\r\nO VEREADOR QUE ABAIXO SUBSCREVE, NO USO DE SUAS PRERROGATIVAS LEGAIS E DE ACORDO COM A LEI ORG\u00c2NICA DE TIJUCAS, E COM FULCRO NO ART. 99, XVI E XVII, DO REGIMENTO INTERNO, REQUER A VOSSA EXCEL\u00caNCIA, QUE AP\u00d3S DELIBERA\u00c7\u00c3O DO PLEN\u00c1RIO SEJA ENCAMINHADO AO PRESIDENTE DA SC G\u00c1S CORRESPOND\u00caNCIA, SOLICITANDO AS SEGUINTES INFORMA\u00c7\u00d5ES:\r\nA)\tH\u00c1 PREVIS\u00c3O DE AMPLIA\u00c7\u00c3O DA REDE NO MUNIC\u00cdPIO DE TIJUCAS?\r\nB)\tQUAIS S\u00c3O AS EMPRESAS ATENDIDAS PELA SC G\u00c1S EM TIJUCAS?\r\n\r\nJUSTIFICATIVA: O DESENVOLVIMENTO ECON\u00d4MICO EM NOSSO MUNIC\u00cdPIO NOS \u00daLTIMOS ANOS \u00c9 VISTOSO, E MUITAS EMPRESAS EST\u00c3O PREOCUPADAS COM O MEIO AMBIENTE E NECESSITAM DE UMA DE ENERGIA ECOLOGICAMENTE CORRETA.\r\n\r\nCORDIALMENTE,\r\n\r\nLUIZ ROG\u00c9RIO DA SILVA\t\r\nVEREADOR\t\r\n","indexacao":"","observacao":"","resultado":"","texto_original":"http://sapl.tijucas.sc.leg.br/media/sapl/public/materialegislativa/2014/1384/1384_texto_integral.rtf","data_ultima_atualizacao":"2018-05-28T16:35:22.967746-03:00","ip":"","ultima_edicao":null,"tipo":3,"regime_tramitacao":1,"tipo_origem_externa":null,"local_origem_externa":null,"user":null,"anexadas":[],"autores":[39]}