{"id":1340,"__str__":"REQUERIMENTO n\u00ba 73 de 2014","link_detail_backend":"/materia/1340","metadata":{},"numero":73,"ano":2014,"numero_protocolo":null,"data_apresentacao":"2014-05-15","tipo_apresentacao":"","data_publicacao":null,"numero_origem_externa":"","ano_origem_externa":null,"data_origem_externa":null,"apelido":"","dias_prazo":null,"data_fim_prazo":null,"em_tramitacao":false,"polemica":null,"objeto":"","complementar":null,"ementa":"\r\nTIJUCAS (SC), 15 DE MAIO DE 2014.\r\n\r\n\r\nREQUERIMENTO N\u00ba 73/2014\r\n\r\n\u00c0 MESA DIRETORA:\r\n\r\n\r\nSENHOR PRESIDENTE:\r\n\r\n\r\nO VEREADOR QUE ABAIXO SUBSCREVE, NO USO DE SUAS PRERROGATIVAS LEGAIS E DE ACORDO COM A LEI ORG\u00c2NICA DE TIJUCAS, E COM FULCRO NO ART. 99, XVI E XVII, DO REGIMENTO INTERNO, REQUER QUE SEJA DESPACHADA CORRESPOND\u00caNCIA AO MINISTRO DO TRABALHO, DR. MANOEL DIAS, SOLICITANDO A CRIA\u00c7\u00c3O DE UMA AG\u00caNCIA DA SUPERINTEND\u00caNCIA DO MINIST\u00c9RIO DO TRABALHO E EMPREGO, EM TIJUCAS, SANTA CATARINA, PARA PRESTAR SERVI\u00c7OS A POPULA\u00c7\u00c3O DE TIJUCAS E REGI\u00c3O, BEM COMO CONCEDER BENEF\u00cdCIOS DE SEGURO DESEMPREGO, HOMOLOGA\u00c7\u00c3O DE RESCIS\u00c3O E DEMAIS SERVI\u00c7OS.\r\nREQUEREMOS TAMB\u00c9M QUE TAL CORRESPOND\u00caNCIA SEJA ENCAMINHADA AO DEPUTADO DARCI DE MATOS, PARA QUE TOME CONHECIMENTO E INTERCEDA JUNTO DO MTE.\r\n\r\n\r\nCORDIALMENTE,\r\n\r\n\r\nEDSON JOS\u00c9 SOUZA\t\r\nVEREADOR\t\r\n","indexacao":"","observacao":"","resultado":"","texto_original":"http://sapl.tijucas.sc.leg.br/media/sapl/public/materialegislativa/2014/1340/1340_texto_integral.rtf","data_ultima_atualizacao":"2018-05-28T16:33:11.603591-03:00","ip":"","ultima_edicao":null,"tipo":3,"regime_tramitacao":1,"tipo_origem_externa":null,"local_origem_externa":null,"user":null,"anexadas":[],"autores":[32]}