{"id":647,"__str__":"Of\u00edcio - CVT N\u00b0 155/2013 de 12/08/2013 por LUIZ ROG\u00c9RIO DA SILVA","link_detail_backend":"/materia/documentoacessorio/647","metadata":{},"nome":"CVT N\u00b0 155/2013","data":"2013-08-12","autor":"LUIZ ROG\u00c9RIO DA SILVA","ementa":"OF\u00cdCIO ENCAMINHANDO A INDICA\u00c7\u00c3O N\u00b0 209/2013.","indexacao":"","arquivo":"http://sapl.tijucas.sc.leg.br/media/sapl/public/documentoacessorio/2013/647/647.jpeg","data_ultima_atualizacao":"2018-05-28T16:43:40.692157-03:00","materia":466,"tipo":5}