{"id":4531,"__str__":"Anexo - MO\u00c7\u00c3O DE PESAR de 23/02/2017 por EL\u00d3I PEDRO GERALDO","link_detail_backend":"/materia/documentoacessorio/4531","metadata":{},"nome":"MO\u00c7\u00c3O DE PESAR","data":"2017-02-23","autor":"EL\u00d3I PEDRO GERALDO","ementa":"","indexacao":"","arquivo":"http://sapl.tijucas.sc.leg.br/media/sapl/public/documentoacessorio/2017/4531/4531.doc","data_ultima_atualizacao":"2018-05-28T16:37:41.113445-03:00","materia":2994,"tipo":13}